{"id":7472,"date":"2015-02-26T10:25:46","date_gmt":"2015-02-26T09:25:46","guid":{"rendered":"https:\/\/www.adamlelek.com\/adamlelek\/?p=7472"},"modified":"2021-01-22T10:57:26","modified_gmt":"2021-01-22T09:57:26","slug":"rude-srdce-australie-koktejl-special-04-2015","status":"publish","type":"post","link":"https:\/\/www.adamlelek.com\/adamlelek\/2015\/02\/26\/rude-srdce-australie-koktejl-special-04-2015\/","title":{"rendered":"Rud\u00e9 srdce Austr\u00e1lie"},"content":{"rendered":"\n<p><strong>Publikov\u00e1n\u00ed v magaz\u00ednu Koktejl speci\u00e1l, \u010d\u00edslo 02, rok 2015<\/strong><\/p>\n\n\n\n<p>Australsk\u00fd outback pokr\u00fdv\u00e1 charakteristick\u00fd \u010derven\u00fd p\u00edsek, ze kter\u00e9ho sem tam vykouknou trsy zlatav\u00e9 tr\u00e1vy. Slune\u010dn\u00ed \u017e\u00e1r je v&nbsp;t\u00e9to krajin\u011b spaluj\u00edc\u00ed. Rtu\u0165 teplom\u011bru se ka\u017ed\u00fd den hrav\u011b vy\u0161plh\u00e1 k&nbsp;40 \u00b0C. &nbsp;Skoro by se mohlo zd\u00e1t, \u017ee nic zaj\u00edmav\u00e9ho tato pustina nenab\u00edz\u00ed. Opak je v\u0161ak pravdou. V&nbsp;samotn\u00e9m centru nejsu\u0161\u0161\u00edho kontinentu sv\u011bta se nad tyto rud\u00e9 \u0161irok\u00e9 planiny ty\u010d\u00ed monument\u00e1ln\u00ed symbol a posv\u00e1tn\u00fd st\u0159ed Austr\u00e1lie. Uluru, jeho\u017e z\u00e1\u0159e, energie a genius loci bere dech!<\/p>\n\n\n\n<div class=\"wp-block-image is-style-default\"><figure class=\"aligncenter size-full\"><img fetchpriority=\"high\" decoding=\"async\" width=\"1920\" height=\"1280\" src=\"https:\/\/www.adamlelek.com\/adamlelek\/wp-content\/uploads\/2020\/11\/05-KS-Australie-Rude-srdce-Australie-Adam-Lelek-1.jpg\" alt=\"\" class=\"wp-image-7474\"\/><\/figure><\/div>\n\n\n\n<p>Rud\u00e9 srdce Austr\u00e1lie le\u017e\u00ed na \u00fazem\u00ed n\u00e1rodn\u00edho parku Uluru \u2013 Kata Tjuta zhruba 335 kilometr\u016f jihoz\u00e1padn\u011b od m\u011bsta Alice Springs. Tento p\u00edskovcov\u00fd skaln\u00ed \u00fatvar je jedine\u010dn\u00fd nejen d\u00edky sv\u00fdm rozm\u011br\u016fm. Jedn\u00e1 se o jednolitou sk\u00e1lu \u0161irokou 2,4 km, dlouhou 3,6 km o obvodu z\u00e1kladny 9,4 kilometr\u016f. Monolit se vyp\u00edn\u00e1 do v\u00fd\u0161ky 348 metr\u016f. V\u011bt\u0161\u00ed \u010d\u00e1st z&nbsp;n\u011bj v\u0161ak z\u016fst\u00e1v\u00e1 skryta pod zemsk\u00fdm povrchem, kam Uluru zasahuje do hloubky p\u0159ibli\u017en\u011b 5 km. Sk\u00e1lu nad okoln\u00ed krajinu vyzdvihly mocn\u00e9 s\u00edly Zem\u011b p\u0159ed v\u00edce ne\u017e 600 miliony lety. Velmi tvrd\u00fd p\u00edskovec je bohat\u00fd na \u017eivec. P\u0159esto Uluru nem\u00e1 \u0161edou barvu, jak by se dalo z&nbsp;jeho slo\u017een\u00ed o\u010dek\u00e1vat. \u010cerven\u00e9 zbarven\u00ed sk\u00e1ly je d\u00e1no oxidac\u00ed slo\u017eek obsahuj\u00edc\u00edch \u017eelezo, kter\u00e9 jsou obsa\u017eeny v&nbsp;hornin\u011b. P\u016fvodn\u00edm majitelem zdej\u0161\u00ed p\u016fdy je domorod\u00fd aboriginsk\u00fd kmen Anangu. V&nbsp;pr\u016fb\u011bhu kolonizace v\u0161ak byla i tato p\u016fda Aboriginc\u016fm zabr\u00e1na. Jako prvn\u00ed Evropan monolit spat\u0159il v&nbsp;roce 1872 cestovatel Ernest Giles. Koloni\u00e1ln\u00ed jm\u00e9no monolitu Ayers Rock v\u0161ak sk\u00e1le o rok pozd\u011bji p\u0159i\u0159kl jin\u00fd cestovatel William Gosse. Ten jako prvn\u00ed dobyl jeho vrcholek a monument\u00e1ln\u00ed sk\u00e1lu pojmenoval na po\u010dest ministersk\u00e9ho p\u0159edsedy st\u00e1tu Ji\u017en\u00ed Austr\u00e1lie sira Henryho Ayerse. Jeliko\u017e se ani v&nbsp;Austr\u00e1lii \u010das nezastavil, mnoh\u00e9 se od doby p\u0159ed 142 lety zm\u011bnilo. V&nbsp;roce 1985 Australsk\u00e1 vl\u00e1da rozhodla o navr\u00e1cen\u00ed p\u016fdy v&nbsp;okol\u00ed monolitu p\u016fvodn\u00edm majitel\u016fm, a tak byl obnoven i jeho domorod\u00fd n\u00e1zev. Doslovn\u00fd p\u0159eklad Uluru zn\u00ed <em>M\u00edsto, kter\u00e9 h\u00e1z\u00ed st\u00edn<\/em>.<\/p>\n\n\n\n<div class=\"wp-block-image is-style-default\"><figure class=\"aligncenter size-full\"><img decoding=\"async\" width=\"1920\" height=\"1280\" src=\"https:\/\/www.adamlelek.com\/adamlelek\/wp-content\/uploads\/2020\/11\/02-KS-Australie-Rude-srdce-Australie-Adam-Lelek-1.jpg\" alt=\"\" class=\"wp-image-7475\"\/><\/figure><\/div>\n\n\n\n<p>Pro kmen Anangu, je cel\u00e1 oblast d\u016fle\u017eit\u00fdm posv\u00e1tn\u00fdm m\u00edstem, jeho\u017e je Uluru svatyn\u00ed a centrem ve\u0161ker\u00e9ho d\u011bn\u00ed. Ceremonie a ritu\u00e1ly tu Aboriginci vykon\u00e1vaj\u00ed v&nbsp;mnoh\u00fdch puklin\u00e1ch, jeskyn\u00edch i p\u0159evisech. Pro mnoh\u00e9 n\u00e1v\u0161t\u011bvn\u00edky je p\u0159\u00edjemn\u00fdm zpest\u0159en\u00edm a dobrodru\u017estv\u00edm v\u00fdstup na vrchol sk\u00e1ly. Ne v\u017edy je v\u0161ak t\u00e9to turistick\u00e9 atrakci naklon\u011bno po\u010das\u00ed. Vrchol Uluru je pro n\u00e1v\u0161t\u011bvn\u00edky uzav\u0159en v&nbsp;okam\u017eiku, kdy rtu\u0165 na teplom\u011bru stoupne nad 36 \u00b0C, nebo pokud fouk\u00e1 p\u0159\u00edli\u0161 siln\u00fd v\u00edtr. &nbsp;Aboriginci v\u0161ak z t\u00e9to kratochv\u00edle turist\u016f p\u0159\u00edli\u0161 nad\u0161eni nejsou a v\u0161echny pros\u00ed <em>\u201eNganana Tatintja Wiya\u201c <\/em>&#8211; \u201eNelezte, pros\u00edm, na Uluru.\u201c. Aboriginci v\u011b\u0159\u00ed, \u017ee ka\u017ed\u00fd v\u00fdstup posv\u00e1tn\u00fd monolit znesv\u011bt\u00ed. Za ka\u017ed\u00e9ho, kdo chce Uluru zdolat, tak\u00e9 c\u00edt\u00ed odpov\u011bdnost. Zran\u011bn\u00ed nebo dokonce \u00famrt\u00ed ch\u00e1pou jako pomstu boh\u016f a pokud k&nbsp;takov\u00e9 nehod\u011b dojde, mus\u00ed \u010dlenov\u00e9 kmene vykonat velmi slo\u017eitou o\u010distnou ceremonii. Celou oblast v&nbsp;roce 1977 australsk\u00e1 vl\u00e1da prohl\u00e1sila za N\u00e1rodn\u00ed park a pojmenovala jej Uluru \u2013 Kata Tjuta. Sou\u010d\u00e1st\u00ed parku je toti\u017e tak\u00e9 skaln\u00ed uskupen\u00ed Kata-Tjuta, kter\u00e9 le\u017e\u00ed zhruba 30 kilometr\u016f od monolitu. V&nbsp;p\u0159ekladu domorod\u00fd n\u00e1zev znamen\u00e1 <em>\u201emnoho hlav\u201c<\/em>. A mnoho hlav Kata Tjuta skute\u010dn\u011b m\u00e1. Tento geologick\u00fd \u00fatvar se skl\u00e1d\u00e1 z&nbsp;t\u0159iceti \u0161esti samostatn\u00fdch zaoblen\u00fdch skal (d\u00f3m\u016f), kter\u00e9 jsou rozd\u011bleny \u00fazk\u00fdmi roklemi a \u00fadol\u00edmi. Nejv\u011bt\u0161\u00ed z&nbsp;nich, Mt. Olga, dosahuje v\u00fd\u0161ky 546 metr\u016f a je tak o necel\u00fdch 200 metr\u016f vy\u0161\u0161\u00ed ne\u017e Uluru. V&nbsp;roce 1987 bylo cel\u00e9 \u00fazem\u00ed n\u00e1rodn\u00edho parku zaps\u00e1no na Seznam sv\u011btov\u00e9ho d\u011bdictv\u00ed UNESCO. Oblast je jedine\u010dn\u00e1 nejen z&nbsp;p\u0159\u00edrodn\u00edho hlediska, ale mnoho n\u00e1v\u0161t\u011bvn\u00edk\u016f udivuj\u00ed tak\u00e9 tradi\u010dn\u00ed aboriginsk\u00e9 skaln\u00ed malby, kter\u00e9 vypr\u00e1v\u00ed mytick\u00e9 p\u0159\u00edb\u011bhy o p\u0159edc\u00edch p\u016fvodn\u00edch obyvatel.<\/p>\n\n\n\n<div class=\"wp-block-image is-style-default\"><figure class=\"aligncenter size-full\"><img decoding=\"async\" width=\"1920\" height=\"1280\" src=\"https:\/\/www.adamlelek.com\/adamlelek\/wp-content\/uploads\/2020\/11\/07-KS-Australie-Rude-srdce-Australie-Adam-Lelek-1.jpg\" alt=\"\" class=\"wp-image-7476\"\/><\/figure><\/div>\n\n\n\n<p>N\u00e1v\u0161t\u011bvn\u00edci n\u00e1rodn\u00edho Parku Uluru \u2013 Kata Tjuta s&nbsp;nap\u011bt\u00edm a zv\u011bdavost\u00ed vzhl\u00ed\u017eej\u00ed k&nbsp;symbolu Austr\u00e1lie p\u0159edev\u0161\u00edm se z\u00e1padem sluncem. S&nbsp;koncem dne toti\u017e magick\u00e9 Uluru rozehr\u00e1v\u00e1 jedine\u010dnou hru sv\u011btla a barev. Oran\u017eov\u00e9 Uluru z\u00e1\u0159\u00ed do krajiny. Zapadaj\u00edc\u00ed slunce jej v\u0161ak pomalu zahaluje do krvav\u011b rud\u00e9ho sametu. V&nbsp;n\u011bkolika m\u00e1lo minut\u00e1ch se masivn\u00ed sk\u00e1la ve&nbsp;fialov\u00e9m h\u00e1vu p\u0159ipravuje na nadvl\u00e1du noci. Dobrou noc d\u00e1v\u00e1 okoln\u00ed krajin\u011b Uluru hn\u011bd\u00e9 barvy. Nejen d\u00edky t\u00e9to pod\u00edvan\u00e9 se zde \u010dlov\u011bk alespo\u0148 na malou chv\u00edli p\u0159enese do mytologick\u00e9ho \u010dasu sn\u011bn\u00ed. Do doby, kdy dle Aboriginc\u016f neexistoval \u010dlov\u011bk a sv\u011bt teprve vznikal.<\/p>\n\n\n\n<div class=\"wp-block-image is-style-default\"><figure class=\"aligncenter size-full\"><img loading=\"lazy\" decoding=\"async\" width=\"1920\" height=\"1280\" src=\"https:\/\/www.adamlelek.com\/adamlelek\/wp-content\/uploads\/2020\/11\/08-KS-Australie-Rude-srdce-Australie-Adam-Lelek-1.jpg\" alt=\"\" class=\"wp-image-7477\"\/><\/figure><\/div>\n","protected":false},"excerpt":{"rendered":"","protected":false},"author":3,"featured_media":7479,"comment_status":"closed","ping_status":"closed","sticky":false,"template":"","format":"standard","meta":{"_exactmetrics_skip_tracking":false,"_exactmetrics_sitenote_active":false,"_exactmetrics_sitenote_note":"","_exactmetrics_sitenote_category":0,"footnotes":""},"categories":[8],"tags":[],"class_list":["post-7472","post","type-post","status-publish","format-standard","has-post-thumbnail","hentry","category-travel"],"_links":{"self":[{"href":"https:\/\/www.adamlelek.com\/adamlelek\/wp-json\/wp\/v2\/posts\/7472","targetHints":{"allow":["GET"]}}],"collection":[{"href":"https:\/\/www.adamlelek.com\/adamlelek\/wp-json\/wp\/v2\/posts"}],"about":[{"href":"https:\/\/www.adamlelek.com\/adamlelek\/wp-json\/wp\/v2\/types\/post"}],"author":[{"embeddable":true,"href":"https:\/\/www.adamlelek.com\/adamlelek\/wp-json\/wp\/v2\/users\/3"}],"replies":[{"embeddable":true,"href":"https:\/\/www.adamlelek.com\/adamlelek\/wp-json\/wp\/v2\/comments?post=7472"}],"version-history":[{"count":6,"href":"https:\/\/www.adamlelek.com\/adamlelek\/wp-json\/wp\/v2\/posts\/7472\/revisions"}],"predecessor-version":[{"id":7546,"href":"https:\/\/www.adamlelek.com\/adamlelek\/wp-json\/wp\/v2\/posts\/7472\/revisions\/7546"}],"wp:featuredmedia":[{"embeddable":true,"href":"https:\/\/www.adamlelek.com\/adamlelek\/wp-json\/wp\/v2\/media\/7479"}],"wp:attachment":[{"href":"https:\/\/www.adamlelek.com\/adamlelek\/wp-json\/wp\/v2\/media?parent=7472"}],"wp:term":[{"taxonomy":"category","embeddable":true,"href":"https:\/\/www.adamlelek.com\/adamlelek\/wp-json\/wp\/v2\/categories?post=7472"},{"taxonomy":"post_tag","embeddable":true,"href":"https:\/\/www.adamlelek.com\/adamlelek\/wp-json\/wp\/v2\/tags?post=7472"}],"curies":[{"name":"wp","href":"https:\/\/api.w.org\/{rel}","templated":true}]}}